{"id":97,"date":"2024-09-17T19:22:16","date_gmt":"2024-09-17T17:22:16","guid":{"rendered":"https:\/\/lisleenvironnement.fr\/?p=97"},"modified":"2024-09-18T08:58:21","modified_gmt":"2024-09-18T06:58:21","slug":"communique-de-presse","status":"publish","type":"post","link":"https:\/\/lisleenvironnement.fr\/index.php\/2024\/09\/17\/communique-de-presse\/","title":{"rendered":"Communiqu\u00e9 de Presse"},"content":{"rendered":"\n<p class=\"has-text-align-center\"><strong>JE SUIS SAIN, NE M\u2019ABATTEZ PAS !<br>Opposition \u00e0 l\u2019abattage d\u2019un platane diagnostiqu\u00e9 \u00ab sain \u00bb<br>Place Larmasse \u00e0 Lisle sur Tarn<\/strong><\/p>\n\n\n<div class=\"wp-block-image\">\n<figure class=\"aligncenter size-full\"><img loading=\"lazy\" decoding=\"async\" width=\"600\" height=\"800\" src=\"https:\/\/lisleenvironnement.fr\/wp-content\/uploads\/2024\/09\/Photo-platane-sain-ecriteau-2.jpg\" alt=\"\" class=\"wp-image-98\" srcset=\"https:\/\/lisleenvironnement.fr\/wp-content\/uploads\/2024\/09\/Photo-platane-sain-ecriteau-2.jpg 600w, https:\/\/lisleenvironnement.fr\/wp-content\/uploads\/2024\/09\/Photo-platane-sain-ecriteau-2-225x300.jpg 225w\" sizes=\"auto, (max-width: 600px) 100vw, 600px\" \/><\/figure>\n<\/div>\n\n\n<p>A l\u2019appel de Lisle Environnement, des habitants de Lisle-sur-Tarn se sont rassembl\u00e9s place de Larmasse (place de la Poste) pour accrocher une pancarte \u00ab JE SUIS SAIN, NE M\u2019ABATTEZ PAS \u00bb dans un platane sain afin de protester contre la d\u00e9cision de madame le Maire de Lisle sur Tarn de l\u2019abattre en se retranchant derri\u00e8re des arguments techniques fallacieux.<br>En effet, dans le dossier d\u2019am\u00e9nagement de la place, cet arbre a \u00e9t\u00e9 diagnostiqu\u00e9 sain. Dans ce dossier, il est \u00e9crit que le r\u00e9seau d\u2019assainissement pr\u00e9sente un probl\u00e8me au niveau d\u2019un branchement mal jointoy\u00e9 et non \u00e9tanche qui a eu pour cons\u00e9quence (et non pour cause) la p\u00e9n\u00e9tration de radicelles de l\u2019arbre sain dans la canalisation. Il est pr\u00e9conis\u00e9 l\u2019abattage de cet arbre sous pr\u00e9texte de garantir la p\u00e9rennit\u00e9 du r\u00e9seau d\u2019assainissement. Ainsi donc, on met sur l\u2019arbre la responsabilit\u00e9 du mauvais entretien du r\u00e9seau pour en pr\u00e9coniser l\u2019abattage ! La responsabilit\u00e9 du probl\u00e8me revient au concessionnaire du r\u00e9seau d\u2019assainissement, qui l\u2019a mal entretenu alors qu\u2019il est r\u00e9mun\u00e9r\u00e9 par nos factures.<br>Aujourd\u2019hui la canalisation \u00e9t\u00e9 restaur\u00e9e par chemisage rendant \u00e9tanche la canalisation du r\u00e9seau d\u2019assainissement. Il n\u2019y a plus de radicelles dans la canalisation, et pas de raison qu\u2019elles y reviennent. Qui veut noyer son chien l\u2019accuse de la rage.<br>Il existe de nombreux moyens pour faire coexister un r\u00e9seau d\u2019assainissement et les racines des arbres, le plus s\u00fbr \u00e9tant un entretien qui assure l\u2019\u00e9tanch\u00e9it\u00e9 du r\u00e9seau.<br>Il est inadmissible que la municipalit\u00e9 couvre la n\u00e9gligence de son concessionnaire qui n\u2019effectue pas sa mission de surveillance et d\u2019entretien du r\u00e9seau et que ce manquement soit pay\u00e9 par les habitants \u00e0 travers leurs taxes locales et aboutisse \u00e0 l\u2019abattage de ce platane si pr\u00e9cieux pour att\u00e9nuer les effets du changement climatique. C\u2019est vraiment triste !<br>Pour Lisle environnement, la r\u00e9novation totale de la place de Larmasse aurait d\u00fb accomplir la mise en \u0153uvre des aspirations des habitants soucieux de leur cadre de vie et \u00e0 plus de convivialit\u00e9 sur cette place.<br><\/p>\n","protected":false},"excerpt":{"rendered":"<p>JE SUIS SAIN, NE M\u2019ABATTEZ PAS !Opposition \u00e0 l\u2019abattage d\u2019un platane diagnostiqu\u00e9 \u00ab sain \u00bbPlace Larmasse \u00e0 Lisle sur Tarn A l\u2019appel de Lisle Environnement, des habitants de Lisle-sur-Tarn se sont rassembl\u00e9s place de Larmasse (place de la Poste) pour accrocher une pancarte \u00ab JE SUIS SAIN, NE M\u2019ABATTEZ PAS \u00bb dans un platane sain [&hellip;]<\/p>\n","protected":false},"author":3,"featured_media":0,"comment_status":"closed","ping_status":"closed","sticky":false,"template":"","format":"standard","meta":{"footnotes":""},"categories":[6],"tags":[],"class_list":["post-97","post","type-post","status-publish","format-standard","hentry","category-nos-actions"],"_links":{"self":[{"href":"https:\/\/lisleenvironnement.fr\/index.php\/wp-json\/wp\/v2\/posts\/97","targetHints":{"allow":["GET"]}}],"collection":[{"href":"https:\/\/lisleenvironnement.fr\/index.php\/wp-json\/wp\/v2\/posts"}],"about":[{"href":"https:\/\/lisleenvironnement.fr\/index.php\/wp-json\/wp\/v2\/types\/post"}],"author":[{"embeddable":true,"href":"https:\/\/lisleenvironnement.fr\/index.php\/wp-json\/wp\/v2\/users\/3"}],"replies":[{"embeddable":true,"href":"https:\/\/lisleenvironnement.fr\/index.php\/wp-json\/wp\/v2\/comments?post=97"}],"version-history":[{"count":2,"href":"https:\/\/lisleenvironnement.fr\/index.php\/wp-json\/wp\/v2\/posts\/97\/revisions"}],"predecessor-version":[{"id":105,"href":"https:\/\/lisleenvironnement.fr\/index.php\/wp-json\/wp\/v2\/posts\/97\/revisions\/105"}],"wp:attachment":[{"href":"https:\/\/lisleenvironnement.fr\/index.php\/wp-json\/wp\/v2\/media?parent=97"}],"wp:term":[{"taxonomy":"category","embeddable":true,"href":"https:\/\/lisleenvironnement.fr\/index.php\/wp-json\/wp\/v2\/categories?post=97"},{"taxonomy":"post_tag","embeddable":true,"href":"https:\/\/lisleenvironnement.fr\/index.php\/wp-json\/wp\/v2\/tags?post=97"}],"curies":[{"name":"wp","href":"https:\/\/api.w.org\/{rel}","templated":true}]}}